{"id":2386,"date":"2022-03-16T10:05:19","date_gmt":"2022-03-16T09:05:19","guid":{"rendered":"https:\/\/feliuconsultors.com\/?p=2386"},"modified":"2025-07-17T10:42:24","modified_gmt":"2025-07-17T09:42:24","slug":"kit-digital-te-ayudamos-con-la-solicitud","status":"publish","type":"post","link":"https:\/\/www.feliuconsultors.com\/es\/kit-digital-te-ayudamos-con-la-solicitud","title":{"rendered":"KIT DIGITAL: \u00a1TE AYUDAMOS CON LA SOLICITUD!"},"content":{"rendered":"<p>[et_pb_section fb_built=\u00bb1&#8243; _builder_version=\u00bb4.16.1&#8243; _module_preset=\u00bbdefault\u00bb custom_padding=\u00bb0px||0px|||\u00bb global_colors_info=\u00bb{}\u00bb][et_pb_row _builder_version=\u00bb4.16.1&#8243; _module_preset=\u00bbdefault\u00bb custom_padding=\u00bb||3px|||\u00bb global_colors_info=\u00bb{}\u00bb][et_pb_column type=\u00bb4_4&#8243; _builder_version=\u00bb4.16.1&#8243; _module_preset=\u00bbdefault\u00bb global_colors_info=\u00bb{}\u00bb][et_pb_text _builder_version=\u00bb4.16.1&#8243; _module_preset=\u00bbdefault\u00bb text_font=\u00bbKollektif Bold||||||||\u00bb text_text_color=\u00bb#559999&#8243; text_font_size=\u00bb25px\u00bb header_font=\u00bb||||||||\u00bb header_2_font=\u00bbKollektif Bold||||||||\u00bb header_2_text_color=\u00bb#559999&#8243; header_2_font_size=\u00bb25px\u00bb global_colors_info=\u00bb{}\u00bb]<\/p>\n<h2>Se abre la primera convocatoria para la solicitud del Kit Digital, a partir del 15 de marzo.<\/h2>\n<p>[\/et_pb_text][\/et_pb_column][\/et_pb_row][\/et_pb_section][et_pb_section fb_built=\u00bb1&#8243; _builder_version=\u00bb4.16.1&#8243; _module_preset=\u00bbdefault\u00bb custom_padding=\u00bb0px||0px|||\u00bb global_colors_info=\u00bb{}\u00bb][et_pb_row _builder_version=\u00bb4.16.1&#8243; _module_preset=\u00bbdefault\u00bb global_colors_info=\u00bb{}\u00bb][et_pb_column type=\u00bb4_4&#8243; _builder_version=\u00bb4.16.1&#8243; _module_preset=\u00bbdefault\u00bb global_colors_info=\u00bb{}\u00bb][et_pb_text _builder_version=\u00bb4.16.1&#8243; _module_preset=\u00bbdefault\u00bb header_3_font=\u00bbKollektif Italic||||||||\u00bb header_3_text_align=\u00bbjustify\u00bb header_3_font_size=\u00bb18px\u00bb header_3_line_height=\u00bb1.1em\u00bb global_colors_info=\u00bb{}\u00bb]<\/p>\n<h3>A partir del 15 de marzo, se abre la primera convocatoria para solicitar las ayudas del Kit Digital, un programa financiado por los fondos Next Generation, el cual destina m\u00e1s de 3.000 millones de euros a la implantaci\u00f3n de soluciones digitales a las empresas, y as\u00ed mejorar la productividad y aumentar la competitividad.<\/h3>\n<p>[\/et_pb_text][\/et_pb_column][\/et_pb_row][\/et_pb_section][et_pb_section fb_built=\u00bb1&#8243; _builder_version=\u00bb4.16.1&#8243; _module_preset=\u00bbdefault\u00bb custom_padding=\u00bb2px||0px|||\u00bb global_colors_info=\u00bb{}\u00bb][et_pb_row _builder_version=\u00bb4.16.1&#8243; _module_preset=\u00bbdefault\u00bb custom_padding=\u00bb0px|||||\u00bb global_colors_info=\u00bb{}\u00bb][et_pb_column type=\u00bb4_4&#8243; _builder_version=\u00bb4.16.1&#8243; _module_preset=\u00bbdefault\u00bb global_colors_info=\u00bb{}\u00bb][et_pb_text _builder_version=\u00bb4.16.1&#8243; _module_preset=\u00bbdefault\u00bb text_font=\u00bbGlacial Indifference Regular||||||||\u00bb text_text_color=\u00bb#000000&#8243; text_font_size=\u00bb15px\u00bb text_orientation=\u00bbjustified\u00bb global_colors_info=\u00bb{}\u00bb]<\/p>\n<h4><strong>Requisitos que tiene que cumplir tu empresa para poder ser beneficiaria del Kit digital:<\/strong><\/h4>\n<ul>\n<li>Ser una peque\u00f1a empresa, una microempresa o un aut\u00f3nomo.<\/li>\n<li>No tener consideraci\u00f3n de empresa en crisis.<\/li>\n<li>Estar al corriente de pagos de las obligaciones tributarias y frente a la Seguridad Social.<\/li>\n<li>No incurrir en ninguna de las prohibiciones previstas en Ley General de Subvenciones.<\/li>\n<li>Estar inscrito en el Censo de empresarios, profesionales y retenedores de la Agencia Estatal de Administraci\u00f3n Tributaria o en el censo equivalente de la Administraci\u00f3n Tributaria Foral<\/li>\n<li>No estar sujeta a una orden de recuperaci\u00f3n pendiente despu\u00e9s de una decisi\u00f3n previa de la Comisi\u00f3n Europea.<\/li>\n<li>No superar el l\u00edmite de ayudas minimis (200.000\u20ac).<\/li>\n<li>Disponer de la evaluaci\u00f3n del Nivel de Madurez Digital de acuerdo con la maceta de diagn\u00f3stico en la plataforma Acelera pyme.<\/li>\n<\/ul>\n<h4><strong><\/strong><\/h4>\n<h4><strong><\/strong><\/h4>\n<h4><strong>Subvenciones:<\/strong><\/h4>\n<p>Los beneficiarios del programa recibir\u00e1n uno un bono digital para as\u00ed digitalizar su negocio.<br \/>El importe variar\u00e1 seg\u00fan la funci\u00f3n de la soluci\u00f3n digital y del tama\u00f1o de la empresa.<\/p>\n<ul>\n<li>Segmento I: Peque\u00f1as empresas de 10 a 49 trabajadores. Importe m\u00e1ximo de 12.000\u20ac<\/li>\n<li>Segmento II: Microempresas de 3 a 9 trabajadores. Importe m\u00e1ximo de 6.000\u20ac<\/li>\n<li>Segmento III: 0 a 2 trabajadores y aut\u00f3nomos. Importe m\u00e1ximo de 2.000\u20ac<\/li>\n<\/ul>\n<p>Esta primera convocatoria (a partir de 15 de marzo) va dirigida al segmento I.<\/p>\n<h4><strong><\/strong><\/h4>\n<h4><strong><\/strong><\/h4>\n<h4><strong>Plazo para hacer la solicitud:<\/strong><\/h4>\n<p>El plazo para presentar la solicitud es hasta el 15 de septiembre de 2022 a las 11:00h o si se agota el presupuesto, que en esta primera convocatoria son 500 millones de euros.<\/p>\n<p><strong><\/strong><\/p>\n<p><strong>Desde Feliu Consultors somos agentes facilitadores, nos encargamos de hacer tu solicitud del bono digital.<\/strong><\/p>\n<p>[\/et_pb_text][\/et_pb_column][\/et_pb_row][\/et_pb_section]<\/p>\n","protected":false},"excerpt":{"rendered":"<p>Se abre la primera convocatoria para la solicitud del Kit Digital, a partir del 15 de marzo.A partir del 15 de marzo, se abre la primera convocatoria para solicitar las ayudas del Kit Digital, un programa financiado por los fondos Next Generation, el cual destina m\u00e1s de 3.000 millones de euros a la implantaci\u00f3n de [&hellip;]<\/p>\n","protected":false},"author":3,"featured_media":2397,"comment_status":"closed","ping_status":"open","sticky":false,"template":"","format":"standard","meta":{"_et_pb_use_builder":"on","_et_pb_old_content":"","_et_gb_content_width":"","footnotes":""},"categories":[27,13,9],"tags":[75,77,76],"class_list":["post-2386","post","type-post","status-publish","format-standard","has-post-thumbnail","hentry","category-ayudas-y-subvenciones","category-autonomos-y-emprendedores","category-empresas-y-start-ups","tag-ayuda","tag-kitdigital-2","tag-subvencion"],"_links":{"self":[{"href":"https:\/\/www.feliuconsultors.com\/es\/wp-json\/wp\/v2\/posts\/2386","targetHints":{"allow":["GET"]}}],"collection":[{"href":"https:\/\/www.feliuconsultors.com\/es\/wp-json\/wp\/v2\/posts"}],"about":[{"href":"https:\/\/www.feliuconsultors.com\/es\/wp-json\/wp\/v2\/types\/post"}],"author":[{"embeddable":true,"href":"https:\/\/www.feliuconsultors.com\/es\/wp-json\/wp\/v2\/users\/3"}],"replies":[{"embeddable":true,"href":"https:\/\/www.feliuconsultors.com\/es\/wp-json\/wp\/v2\/comments?post=2386"}],"version-history":[{"count":12,"href":"https:\/\/www.feliuconsultors.com\/es\/wp-json\/wp\/v2\/posts\/2386\/revisions"}],"predecessor-version":[{"id":2469,"href":"https:\/\/www.feliuconsultors.com\/es\/wp-json\/wp\/v2\/posts\/2386\/revisions\/2469"}],"wp:featuredmedia":[{"embeddable":true,"href":"https:\/\/www.feliuconsultors.com\/es\/wp-json\/wp\/v2\/media\/2397"}],"wp:attachment":[{"href":"https:\/\/www.feliuconsultors.com\/es\/wp-json\/wp\/v2\/media?parent=2386"}],"wp:term":[{"taxonomy":"category","embeddable":true,"href":"https:\/\/www.feliuconsultors.com\/es\/wp-json\/wp\/v2\/categories?post=2386"},{"taxonomy":"post_tag","embeddable":true,"href":"https:\/\/www.feliuconsultors.com\/es\/wp-json\/wp\/v2\/tags?post=2386"}],"curies":[{"name":"wp","href":"https:\/\/api.w.org\/{rel}","templated":true}]}}