{"id":2420,"date":"2022-03-24T09:00:08","date_gmt":"2022-03-24T08:00:08","guid":{"rendered":"https:\/\/feliuconsultors.com\/?p=2420"},"modified":"2025-07-17T10:42:23","modified_gmt":"2025-07-17T09:42:23","slug":"declaracion-de-la-renta-2021","status":"publish","type":"post","link":"https:\/\/www.feliuconsultors.com\/es\/declaracion-de-la-renta-2021","title":{"rendered":"DECLARACI\u00d3N DE LA RENTA 2021"},"content":{"rendered":"<p>[et_pb_section fb_built=\u00bb1&#8243; _builder_version=\u00bb4.16.1&#8243; _module_preset=\u00bbdefault\u00bb custom_padding=\u00bb0px||0px|||\u00bb global_colors_info=\u00bb{}\u00bb][et_pb_row _builder_version=\u00bb4.16.1&#8243; _module_preset=\u00bbdefault\u00bb custom_padding=\u00bb||3px|||\u00bb global_colors_info=\u00bb{}\u00bb][et_pb_column type=\u00bb4_4&#8243; _builder_version=\u00bb4.16.1&#8243; _module_preset=\u00bbdefault\u00bb global_colors_info=\u00bb{}\u00bb][et_pb_text _builder_version=\u00bb4.16.1&#8243; _module_preset=\u00bbdefault\u00bb text_font=\u00bbKollektif Bold||||||||\u00bb text_text_color=\u00bb#559999&#8243; text_font_size=\u00bb25px\u00bb header_font=\u00bb||||||||\u00bb header_2_font=\u00bbKollektif Bold||||||||\u00bb header_2_text_color=\u00bb#559999&#8243; header_2_font_size=\u00bb25px\u00bb global_colors_info=\u00bb{}\u00bb]<\/p>\n<h2>Novedades y fechas clave que te interesan si tienes que hacer la declaraci\u00f3n de la Renta este 2022.<\/h2>\n<p>[\/et_pb_text][\/et_pb_column][\/et_pb_row][\/et_pb_section][et_pb_section fb_built=\u00bb1&#8243; _builder_version=\u00bb4.16.1&#8243; _module_preset=\u00bbdefault\u00bb custom_padding=\u00bb0px||0px|||\u00bb global_colors_info=\u00bb{}\u00bb][et_pb_row _builder_version=\u00bb4.16.1&#8243; _module_preset=\u00bbdefault\u00bb global_colors_info=\u00bb{}\u00bb][et_pb_column type=\u00bb4_4&#8243; _builder_version=\u00bb4.16.1&#8243; _module_preset=\u00bbdefault\u00bb global_colors_info=\u00bb{}\u00bb][et_pb_text _builder_version=\u00bb4.16.1&#8243; _module_preset=\u00bbdefault\u00bb header_3_font=\u00bbKollektif Italic||||||||\u00bb header_3_text_align=\u00bbjustify\u00bb header_3_font_size=\u00bb18px\u00bb header_3_line_height=\u00bb1.1em\u00bb global_colors_info=\u00bb{}\u00bb]<\/p>\n<h3>Te traemos todas las novedades a tener en cuenta para hacer la declaraci\u00f3n de la renta este 2022. Se puede presentar a partir del 06\/04\/2022 hasta el 30\/06\/2022.<\/h3>\n<p>[\/et_pb_text][\/et_pb_column][\/et_pb_row][\/et_pb_section][et_pb_section fb_built=\u00bb1&#8243; _builder_version=\u00bb4.16.1&#8243; _module_preset=\u00bbdefault\u00bb custom_padding=\u00bb2px||0px|||\u00bb global_colors_info=\u00bb{}\u00bb][et_pb_row _builder_version=\u00bb4.16.1&#8243; _module_preset=\u00bbdefault\u00bb custom_padding=\u00bb0px|||||\u00bb global_colors_info=\u00bb{}\u00bb][et_pb_column type=\u00bb4_4&#8243; _builder_version=\u00bb4.16.1&#8243; _module_preset=\u00bbdefault\u00bb global_colors_info=\u00bb{}\u00bb][et_pb_text _builder_version=\u00bb4.16.1&#8243; _module_preset=\u00bbdefault\u00bb text_font=\u00bbGlacial Indifference Regular||||||||\u00bb text_text_color=\u00bb#000000&#8243; text_font_size=\u00bb15px\u00bb text_orientation=\u00bbjustified\u00bb global_colors_info=\u00bb{}\u00bb]<\/p>\n<h4 style=\"text-align: justify;\"><strong>CALENDARIO:<\/strong><\/h4>\n<p style=\"text-align: justify;\">La campa\u00f1a de la renta empieza el d\u00eda 6 de abril y finaliza el 30 de junio, siente el \u00faltimo d\u00eda para la domiciliaci\u00f3n el 27 de junio<\/p>\n<h4 style=\"text-align: justify;\"><strong><\/strong><\/h4>\n<h4 style=\"text-align: justify;\"><strong><\/strong><\/h4>\n<h4 style=\"text-align: justify;\"><strong>NOVEDADES A TENER EN CUENTA:<\/strong><\/h4>\n<p style=\"text-align: justify;\">En cuento al <strong>IRPF<\/strong>:<\/p>\n<p style=\"text-align: justify;\">&#8211; Aumentan los tipos de gravamen en las rentas m\u00e1s alta<\/p>\n<ul style=\"text-align: justify;\">\n<li>En la base general se a\u00f1ade un nuevo tramo para rentas superiores a 300.000 euros. Para los residentes de Catalunya tributaran al 50%<\/li>\n<li>En la base del ahorro se a\u00f1ade un nuevo tramo por rentas superiores a 200.000 euros, que tributar\u00e1n al 26%<\/li>\n<\/ul>\n<p style=\"text-align: justify;\">&#8211; Nuevas deducciones por obras en inversi\u00f3n destinadas al ahorro energ\u00e9tico<\/p>\n<p style=\"text-align: justify;\">&#8211; Las deducciones por aportaciones a planes de pensiones se limitan a 2.000 euros anuales (8.000 euros al 2020)<\/p>\n<p style=\"text-align: justify;\">En cuento al <strong>Impuesto de Sociedades<\/strong>:<\/p>\n<p style=\"text-align: justify;\">El tipo de gravamen ha aumentado el tipo de gravamen m\u00e1ximo que asciende hasta el 3,5%.<\/p>\n<h4 style=\"text-align: justify;\"><strong><\/strong><\/h4>\n<p style=\"text-align: justify;\"><strong>En ambos impuestos, habr\u00e1 que declarar los rendimientos procedentes de las inversiones en criptomonedas y las inversiones en s\u00ed para el patrimonio.<\/strong><\/p>\n<h4 style=\"text-align: justify;\"><strong><\/strong><\/h4>\n<p style=\"text-align: justify;\">Feliu Consultors es a su lado por la presentaci\u00f3n de la Declaraci\u00f3n de la Renta. D\u00e9jalo en nuestras manos. Ases\u00f3rese con nosotros en sus obligaciones tributarias.<\/p>\n<p>[\/et_pb_text][\/et_pb_column][\/et_pb_row][\/et_pb_section]<\/p>\n","protected":false},"excerpt":{"rendered":"<p>Novedades y fechas clave que te interesan si tienes que hacer la declaraci\u00f3n de la Renta este 2022.Te traemos todas las novedades a tener en cuenta para hacer la declaraci\u00f3n de la renta este 2022. Se puede presentar a partir del 06\/04\/2022 hasta el 30\/06\/2022.CALENDARIO: La campa\u00f1a de la renta empieza el d\u00eda 6 de [&hellip;]<\/p>\n","protected":false},"author":3,"featured_media":2427,"comment_status":"closed","ping_status":"open","sticky":false,"template":"","format":"standard","meta":{"_et_pb_use_builder":"on","_et_pb_old_content":"","_et_gb_content_width":"","footnotes":""},"categories":[11,13],"tags":[63,73,74],"class_list":["post-2420","post","type-post","status-publish","format-standard","has-post-thumbnail","hentry","category-particulares","category-autonomos-y-emprendedores","tag-autonomos","tag-declaracionrenta","tag-particulares"],"_links":{"self":[{"href":"https:\/\/www.feliuconsultors.com\/es\/wp-json\/wp\/v2\/posts\/2420","targetHints":{"allow":["GET"]}}],"collection":[{"href":"https:\/\/www.feliuconsultors.com\/es\/wp-json\/wp\/v2\/posts"}],"about":[{"href":"https:\/\/www.feliuconsultors.com\/es\/wp-json\/wp\/v2\/types\/post"}],"author":[{"embeddable":true,"href":"https:\/\/www.feliuconsultors.com\/es\/wp-json\/wp\/v2\/users\/3"}],"replies":[{"embeddable":true,"href":"https:\/\/www.feliuconsultors.com\/es\/wp-json\/wp\/v2\/comments?post=2420"}],"version-history":[{"count":4,"href":"https:\/\/www.feliuconsultors.com\/es\/wp-json\/wp\/v2\/posts\/2420\/revisions"}],"predecessor-version":[{"id":2426,"href":"https:\/\/www.feliuconsultors.com\/es\/wp-json\/wp\/v2\/posts\/2420\/revisions\/2426"}],"wp:featuredmedia":[{"embeddable":true,"href":"https:\/\/www.feliuconsultors.com\/es\/wp-json\/wp\/v2\/media\/2427"}],"wp:attachment":[{"href":"https:\/\/www.feliuconsultors.com\/es\/wp-json\/wp\/v2\/media?parent=2420"}],"wp:term":[{"taxonomy":"category","embeddable":true,"href":"https:\/\/www.feliuconsultors.com\/es\/wp-json\/wp\/v2\/categories?post=2420"},{"taxonomy":"post_tag","embeddable":true,"href":"https:\/\/www.feliuconsultors.com\/es\/wp-json\/wp\/v2\/tags?post=2420"}],"curies":[{"name":"wp","href":"https:\/\/api.w.org\/{rel}","templated":true}]}}