{"id":4575,"date":"2023-01-20T10:38:07","date_gmt":"2023-01-20T09:38:07","guid":{"rendered":"https:\/\/www.feliuconsultors.com\/?p=4575"},"modified":"2025-07-17T10:42:01","modified_gmt":"2025-07-17T09:42:01","slug":"novedades-impuesto-envases-plastico","status":"publish","type":"post","link":"https:\/\/www.feliuconsultors.com\/es\/novedades-impuesto-envases-plastico","title":{"rendered":"NOVEDADES EN EL IMPUESTO ESPECIAL SOBRE ENVASES DE PL\u00c1STICO NO REUTILIZABLES"},"content":{"rendered":"<p><u>A partir de l\u00b41 de enero de 2023 entr\u00f3 en vigor el nuevo impuesto que grabar\u00e1 con 0,45\u20ac el kilo de pl\u00e1stico no reciclado<\/u> afectando a los operadores que fabriquen en territorio espa\u00f1ol, adquieran a un Estado miembro UE o bien importen:<\/p>\n<ul>\n<li>Envases de pl\u00e1stico no reutilizables<\/li>\n<li>Productos pl\u00e1sticos semielaborados destinados a la obtenci\u00f3n de los mencionados envases<\/li>\n<li>Cierres de envases.<\/li>\n<\/ul>\n<p>Para delimitar un poco el alcance, indicar que el Impuesto se aplica a las tres categor\u00edas de envase de pl\u00e1stico no reutilizable que existen:<\/p>\n<ol>\n<li><strong>Envase primario<\/strong> (que ser\u00eda el envoltorio en contacto con el producto),<\/li>\n<li><strong>Envase secundario<\/strong> (el que sirve para agrupar productos) y<\/li>\n<li><strong>Envase terciario<\/strong> (el que se utiliza por protecci\u00f3n al transporte de mercanc\u00edas, como puede ser el retractilado de las partidas que se env\u00edan).<\/li>\n<\/ol>\n<p>Importando identificar dentro de nuestra organizaci\u00f3n si en alg\u00fan momento del proceso encontramos alg\u00fan tipo de los envases mencionados, para as\u00ed analizar el impacto.<\/p>\n<p><u>Algunos ejemplos de productos afectados enumerados por la AEAT serian: Bl\u00edsteres que contengan uno o varios productos, bobinas retr\u00e1ctiles, bolsas y sacos de pl\u00e1stico, bolsas de congelaci\u00f3n de productos, bolsas por envasado al vac\u00edo, pel\u00edculas o l\u00e1minas para recubrir alimentos o tetrabriks<\/u>, entre otras.<\/p>\n<p>Se debe analizar muy bien el impacto que este nuevo impuesto puede tener en nuestra actividad: si somos fabricantes de este tipo de productos seguramente estaremos sujetos a el impuesto y a las obligaciones de informaci\u00f3n que se derivan. Si adquirimos este tipo de productos a un proveedor interior, a pesar de soportaremos el impuesto, seguramente este no nos generar\u00e1 m\u00e1s obligaciones formales.<\/p>\n<p>Si las adquisiciones las hacemos a operadores intracomunitarios o bien lo importamos de terceros pa\u00edses, tendremos que ser cuidadosos puesto que en estos casos somos los contribuyentes, habremos que autoliquidar el impuesto y llevar el registro normalmente asociado a los impuestos especiales.<\/p>\n<p>A efectos de la acreditaci\u00f3n del porcentaje de pl\u00e1stico no reciclado incluido en los envases, la normativa contempla \u00fanicamente el certificado emitido por la ENAC por pl\u00e1sticos seg\u00fan UNE-EN 15343:2008. En compras interiores no hay problema porque el fabricante es obligado, en importaciones ser\u00e1 aduanas quienes calcular\u00e1 el impuesto que tenemos que pagar, pero en adquisiciones intracomunitarias recordamos que somos nosotros los sujetos pasivos: Ser\u00e1 muy complicado que el proveedor europeo nos facilite este tipo de certificado, puesto que al resto de la UE no aplica este impuesto (quitado en Italia, donde lo han pospuesto).<\/p>\n<p>Para facilitar este tr\u00e1mite, como novedad, la administraci\u00f3n permite por este ejercicio 2023 que el fabricante nos proporcione una declaraci\u00f3n responsable donde se indique el porcentaje de pl\u00e1stico no reciclado contenido en los envases que nos ha hecho llegar.<\/p>\n<p>El hecho de tener que calcular la base imponible por el pl\u00e1stico considerado no reciclable o bien la obligaci\u00f3n de certificar el porcentaje de pl\u00e1stico reciclado\/no reciclado de nuestros productos a buen seguro que comportar\u00e1 la revisi\u00f3n de los contratos con nuestros clientes\/proveedores.<\/p>\n<p>En cuanto a las obligaciones contables que comporta el Impuesto, la AEAT permite el env\u00edo del libro de existencias del primer semestre durante el mes de julio 2023.<\/p>\n<p><u>Quedan exentos del impuesto los pl\u00e1sticos reciclados y los d\u00b4uso farmac\u00e9utico. La norma tambi\u00e9n contempla la exenci\u00f3n para contribuyentes ocasionales que adquieran menos de 5 kilos mensuales de pl\u00e1stico no reciclado.<\/u><\/p>\n<p>Este hecho hace que los productos que incluyan este tipo de pl\u00e1sticos est\u00e9n en una clara desventaja ante el resto de productores y distribuidores europeos, y entre los m\u00e1s afectados, la industria agro alimentaria, ya muy castigada por el aumento en el precio de las materias primas y de la energ\u00eda.<\/p>\n<p>Como siempre quedamos a su disposici\u00f3n para analizar y asesorarle en los aspectos que este nuevo impuesto pueda suponer en su negocio.<\/p>\n<p><a href=\"https:\/\/www.feliuconsultors.com\/es\/contacto\">Contacta con nosotros!<\/a><\/p>\n","protected":false},"excerpt":{"rendered":"<p>A partir de l\u00b41 de enero de 2023 entr\u00f3 en vigor el nuevo impuesto que grabar\u00e1 con 0,45\u20ac el kilo de pl\u00e1stico no reciclado afectando a los operadores que fabriquen en territorio espa\u00f1ol, adquieran a un Estado miembro UE o bien importen: Envases de pl\u00e1stico no reutilizables Productos pl\u00e1sticos semielaborados destinados a la obtenci\u00f3n de [&hellip;]<\/p>\n","protected":false},"author":3,"featured_media":4573,"comment_status":"closed","ping_status":"open","sticky":false,"template":"","format":"standard","meta":{"_et_pb_use_builder":"","_et_pb_old_content":"","_et_gb_content_width":"","footnotes":""},"categories":[98],"tags":[],"class_list":["post-4575","post","type-post","status-publish","format-standard","has-post-thumbnail","hentry","category-actualidad-legal"],"_links":{"self":[{"href":"https:\/\/www.feliuconsultors.com\/es\/wp-json\/wp\/v2\/posts\/4575","targetHints":{"allow":["GET"]}}],"collection":[{"href":"https:\/\/www.feliuconsultors.com\/es\/wp-json\/wp\/v2\/posts"}],"about":[{"href":"https:\/\/www.feliuconsultors.com\/es\/wp-json\/wp\/v2\/types\/post"}],"author":[{"embeddable":true,"href":"https:\/\/www.feliuconsultors.com\/es\/wp-json\/wp\/v2\/users\/3"}],"replies":[{"embeddable":true,"href":"https:\/\/www.feliuconsultors.com\/es\/wp-json\/wp\/v2\/comments?post=4575"}],"version-history":[{"count":2,"href":"https:\/\/www.feliuconsultors.com\/es\/wp-json\/wp\/v2\/posts\/4575\/revisions"}],"predecessor-version":[{"id":4577,"href":"https:\/\/www.feliuconsultors.com\/es\/wp-json\/wp\/v2\/posts\/4575\/revisions\/4577"}],"wp:featuredmedia":[{"embeddable":true,"href":"https:\/\/www.feliuconsultors.com\/es\/wp-json\/wp\/v2\/media\/4573"}],"wp:attachment":[{"href":"https:\/\/www.feliuconsultors.com\/es\/wp-json\/wp\/v2\/media?parent=4575"}],"wp:term":[{"taxonomy":"category","embeddable":true,"href":"https:\/\/www.feliuconsultors.com\/es\/wp-json\/wp\/v2\/categories?post=4575"},{"taxonomy":"post_tag","embeddable":true,"href":"https:\/\/www.feliuconsultors.com\/es\/wp-json\/wp\/v2\/tags?post=4575"}],"curies":[{"name":"wp","href":"https:\/\/api.w.org\/{rel}","templated":true}]}}