{"id":4675,"date":"2023-02-15T17:07:44","date_gmt":"2023-02-15T16:07:44","guid":{"rendered":"https:\/\/www.feliuconsultors.com\/?p=4675"},"modified":"2025-07-17T10:41:59","modified_gmt":"2025-07-17T09:41:59","slug":"salario-minimo-interprofesional-2023","status":"publish","type":"post","link":"https:\/\/www.feliuconsultors.com\/es\/salario-minimo-interprofesional-2023","title":{"rendered":"SALARIO M\u00cdNIMO INTERPROFESIONAL 2023"},"content":{"rendered":"<p>El Real Decreto 99\/2023, fija el salario m\u00ednimo interprofesional para 2023 en 1080\u20ac mensuales en 14 pagas. El incremento del 8% tendr\u00e1 car\u00e1cter retroactivo al 1 de enero de este a\u00f1o.<\/p>\n<p>El Real Decreto y la Memoria de An\u00e1lisis de Impacto Normativo que lo acompa\u00f1a reflejan que:<\/p>\n<ul>\n<li>El SMI ser\u00e1 de 15.120 euros, brutos anuales, 1.080 euros, al mes y 36 euros al d\u00eda.<\/li>\n<li>En el caso de no tener un salario prorrateado (12 pagas mensuales), el salario m\u00ednimo ser\u00e1 de 1.260 euros al mes.<\/li>\n<li>En el caso de los trabajadores eventuales y temporeros cuyos servicios a una misma empresa no excedan de 120 d\u00edas, la cuant\u00eda del salario no podr\u00e1 ser inferior a los 51,15 euros por jornada legal en actividad.<\/li>\n<li>Para los empleados de hogar que trabajen por hora, la hora trabajada se pagar\u00e1 en 2023 a 8,45 euros, resultado de incluir todos los conceptos retributivos, gratificaciones extraordinarias, descansos y vacaciones.<\/li>\n<\/ul>\n<p>El Real Decreto 99\/2023, de 14 de febrero, surgir\u00e1 efectos durante el per\u00edodo entre el 1 de enero y el 31 de diciembre de 2023, procediendo al abono del salario m\u00ednimo en el mismo establecido con efectos del 1 de enero de 2023, realizando la correspondiente liquidaci\u00f3n retroactiva.<\/p>\n","protected":false},"excerpt":{"rendered":"<p>El Real Decreto 99\/2023, fija el salario m\u00ednimo interprofesional para 2023 en 1080\u20ac mensuales en 14 pagas. El incremento del 8% tendr\u00e1 car\u00e1cter retroactivo al 1 de enero de este a\u00f1o. El Real Decreto y la Memoria de An\u00e1lisis de Impacto Normativo que lo acompa\u00f1a reflejan que: El SMI ser\u00e1 de 15.120 euros, brutos anuales, [&hellip;]<\/p>\n","protected":false},"author":3,"featured_media":4673,"comment_status":"closed","ping_status":"open","sticky":false,"template":"","format":"standard","meta":{"_et_pb_use_builder":"","_et_pb_old_content":"","_et_gb_content_width":"","footnotes":""},"categories":[98],"tags":[],"class_list":["post-4675","post","type-post","status-publish","format-standard","has-post-thumbnail","hentry","category-actualidad-legal"],"_links":{"self":[{"href":"https:\/\/www.feliuconsultors.com\/es\/wp-json\/wp\/v2\/posts\/4675","targetHints":{"allow":["GET"]}}],"collection":[{"href":"https:\/\/www.feliuconsultors.com\/es\/wp-json\/wp\/v2\/posts"}],"about":[{"href":"https:\/\/www.feliuconsultors.com\/es\/wp-json\/wp\/v2\/types\/post"}],"author":[{"embeddable":true,"href":"https:\/\/www.feliuconsultors.com\/es\/wp-json\/wp\/v2\/users\/3"}],"replies":[{"embeddable":true,"href":"https:\/\/www.feliuconsultors.com\/es\/wp-json\/wp\/v2\/comments?post=4675"}],"version-history":[{"count":1,"href":"https:\/\/www.feliuconsultors.com\/es\/wp-json\/wp\/v2\/posts\/4675\/revisions"}],"predecessor-version":[{"id":4676,"href":"https:\/\/www.feliuconsultors.com\/es\/wp-json\/wp\/v2\/posts\/4675\/revisions\/4676"}],"wp:featuredmedia":[{"embeddable":true,"href":"https:\/\/www.feliuconsultors.com\/es\/wp-json\/wp\/v2\/media\/4673"}],"wp:attachment":[{"href":"https:\/\/www.feliuconsultors.com\/es\/wp-json\/wp\/v2\/media?parent=4675"}],"wp:term":[{"taxonomy":"category","embeddable":true,"href":"https:\/\/www.feliuconsultors.com\/es\/wp-json\/wp\/v2\/categories?post=4675"},{"taxonomy":"post_tag","embeddable":true,"href":"https:\/\/www.feliuconsultors.com\/es\/wp-json\/wp\/v2\/tags?post=4675"}],"curies":[{"name":"wp","href":"https:\/\/api.w.org\/{rel}","templated":true}]}}