{"id":5265,"date":"2024-02-28T14:18:19","date_gmt":"2024-02-28T13:18:19","guid":{"rendered":"https:\/\/www.feliuconsultors.com\/?p=5265"},"modified":"2025-07-17T10:40:05","modified_gmt":"2025-07-17T09:40:05","slug":"emergencia-sequia-ter-llobregat","status":"publish","type":"post","link":"https:\/\/www.feliuconsultors.com\/es\/emergencia-sequia-ter-llobregat","title":{"rendered":"EMERGENCIA POR SEQU\u00cdA EN EL SISTEMA TER-LLOBREGAT: LOS HOGARES DEBEN REDUCIR EL CONSUMO DE AGUA Y ADOPTAR MEDIDAS DE CONSERVACI\u00d3N"},"content":{"rendered":"<p style=\"font-weight: 400;\">La Generalitat ha decretado la emergencia por sequ\u00eda en el sistema Ter-Llobregat, que abastece a 6 millones de habitantes, debido a que las reservas se han agotado y solo se cuenta con menos del 16% de la capacidad total. Esta situaci\u00f3n cr\u00edtica ha activado la fase de emergencia del Plan Especial de Sequ\u00eda, imponiendo restricciones en el uso del agua para 239 municipios, incluida la ciudad de Barcelona, donde se limitar\u00e1 el consumo a una media de 200 litros por habitante y d\u00eda.<\/p>\n<p style=\"font-weight: 400;\">Para los hogares, esta restricci\u00f3n implica una adaptaci\u00f3n necesaria para asegurar un uso responsable del agua. Se recomienda una reducci\u00f3n significativa en el consumo diario, limit\u00e1ndolo a unos 90 litros por habitante. Esta medida no solo es vital para la sostenibilidad del sistema Ter-Llobregat, sino tambi\u00e9n para la preservaci\u00f3n del recurso h\u00eddrico en general.<\/p>\n<p style=\"font-weight: 400;\">Los habitantes deben ser conscientes de su huella h\u00eddrica y tomar acciones inmediatas para alcanzar este objetivo. Esto puede incluir la implementaci\u00f3n de pr\u00e1cticas como duchas m\u00e1s cortas, cerrar el grifo mientras se realizan tareas como lavarse los dientes o afeitarse, reutilizar el agua de la lluvia para actividades como regar las plantas y reparar cualquier fuga de agua en casa.<\/p>\n<p style=\"font-weight: 400;\">Es crucial que la comunidad se una en este esfuerzo colectivo para garantizar un uso responsable y sostenible del agua, protegiendo as\u00ed nuestro medio ambiente y las futuras generaciones.<\/p>\n","protected":false},"excerpt":{"rendered":"<p>La Generalitat ha decretado la emergencia por sequ\u00eda en el sistema Ter-Llobregat, que abastece a 6 millones de habitantes, debido a que las reservas se han agotado y solo se cuenta con menos del 16% de la capacidad total. Esta situaci\u00f3n cr\u00edtica ha activado la fase de emergencia del Plan Especial de Sequ\u00eda, imponiendo restricciones [&hellip;]<\/p>\n","protected":false},"author":3,"featured_media":5259,"comment_status":"closed","ping_status":"open","sticky":false,"template":"","format":"standard","meta":{"_et_pb_use_builder":"","_et_pb_old_content":"","_et_gb_content_width":"","footnotes":""},"categories":[98],"tags":[],"class_list":["post-5265","post","type-post","status-publish","format-standard","has-post-thumbnail","hentry","category-actualidad-legal"],"_links":{"self":[{"href":"https:\/\/www.feliuconsultors.com\/es\/wp-json\/wp\/v2\/posts\/5265","targetHints":{"allow":["GET"]}}],"collection":[{"href":"https:\/\/www.feliuconsultors.com\/es\/wp-json\/wp\/v2\/posts"}],"about":[{"href":"https:\/\/www.feliuconsultors.com\/es\/wp-json\/wp\/v2\/types\/post"}],"author":[{"embeddable":true,"href":"https:\/\/www.feliuconsultors.com\/es\/wp-json\/wp\/v2\/users\/3"}],"replies":[{"embeddable":true,"href":"https:\/\/www.feliuconsultors.com\/es\/wp-json\/wp\/v2\/comments?post=5265"}],"version-history":[{"count":1,"href":"https:\/\/www.feliuconsultors.com\/es\/wp-json\/wp\/v2\/posts\/5265\/revisions"}],"predecessor-version":[{"id":5266,"href":"https:\/\/www.feliuconsultors.com\/es\/wp-json\/wp\/v2\/posts\/5265\/revisions\/5266"}],"wp:featuredmedia":[{"embeddable":true,"href":"https:\/\/www.feliuconsultors.com\/es\/wp-json\/wp\/v2\/media\/5259"}],"wp:attachment":[{"href":"https:\/\/www.feliuconsultors.com\/es\/wp-json\/wp\/v2\/media?parent=5265"}],"wp:term":[{"taxonomy":"category","embeddable":true,"href":"https:\/\/www.feliuconsultors.com\/es\/wp-json\/wp\/v2\/categories?post=5265"},{"taxonomy":"post_tag","embeddable":true,"href":"https:\/\/www.feliuconsultors.com\/es\/wp-json\/wp\/v2\/tags?post=5265"}],"curies":[{"name":"wp","href":"https:\/\/api.w.org\/{rel}","templated":true}]}}