{"id":5493,"date":"2024-05-08T10:38:26","date_gmt":"2024-05-08T09:38:26","guid":{"rendered":"https:\/\/www.feliuconsultors.com\/?p=5493"},"modified":"2025-07-17T10:39:57","modified_gmt":"2025-07-17T09:39:57","slug":"levanta-el-estado-de-emergencia-por-sequia","status":"publish","type":"post","link":"https:\/\/www.feliuconsultors.com\/es\/levanta-el-estado-de-emergencia-por-sequia","title":{"rendered":"CATALU\u00d1A LEVANTA EL ESTADO DE EMERGENCIA POR SEQU\u00cdA TRAS LAS \u00daLTIMAS LLUVIAS"},"content":{"rendered":"<p>Catalu\u00f1a se encontraba inmersa en una crisis de sequ\u00eda sin precedentes, que hab\u00eda llevado los niveles de los embalses a m\u00ednimos hist\u00f3ricos. Despu\u00e9s de meses de preocupaci\u00f3n y restricciones, el Gobierno de la Generalitat ha tomado la decisi\u00f3n de levantar el estado de emergencia por sequ\u00eda. Este cambio de situaci\u00f3n llega despu\u00e9s de las \u00faltimas lluvias que, aunque no han acabado con la sequ\u00eda, han supuesto un alivio para el territorio.<\/p>\n<p>Ahora, con el levantamiento del estado de emergencia, se pasa a una fase de excepcionalidad, lo que implica algunos cambios en las restricciones vigentes. El consumo de agua por habitante aumenta ligeramente, pasando de los 200 a los 230 litros por d\u00eda, incluyendo usos comerciales e industriales. Tambi\u00e9n se permite el relleno de las piscinas que ya contengan agua parcialmente, una medida que representa un alivio para los ciudadanos.<\/p>\n<p>Sin embargo, las restricciones a\u00fan est\u00e1n presentes en algunos \u00e1mbitos, como la limpieza de calles con agua potable o el llenado de fuentes ornamentales. En el sector agr\u00edcola y ganadero, las reducciones de agua disponibles se han suavizado, aunque a\u00fan son significativas.<\/p>\n<p>En definitiva, Catalu\u00f1a a\u00fan enfrenta importantes desaf\u00edos en cuanto a la gesti\u00f3n del agua, pero las medidas tomadas y los planes de futuro ofrecen una cierta esperanza en la lucha contra la sequ\u00eda. La combinaci\u00f3n de pol\u00edticas p\u00fablicas y la implicaci\u00f3n de la ciudadan\u00eda y el sector privado son clave para garantizar un futuro sostenible en t\u00e9rminos de abastecimiento de agua en la regi\u00f3n.<\/p>\n<p><a href=\"https:\/\/www.feliuconsultors.com\/es\">www.feliuconsultors.com<\/a><\/p>\n","protected":false},"excerpt":{"rendered":"<p>Catalu\u00f1a se encontraba inmersa en una crisis de sequ\u00eda sin precedentes, que hab\u00eda llevado los niveles de los embalses a m\u00ednimos hist\u00f3ricos. Despu\u00e9s de meses de preocupaci\u00f3n y restricciones, el Gobierno de la Generalitat ha tomado la decisi\u00f3n de levantar el estado de emergencia por sequ\u00eda. Este cambio de situaci\u00f3n llega despu\u00e9s de las \u00faltimas [&hellip;]<\/p>\n","protected":false},"author":3,"featured_media":5491,"comment_status":"closed","ping_status":"open","sticky":false,"template":"","format":"standard","meta":{"_et_pb_use_builder":"","_et_pb_old_content":"","_et_gb_content_width":"","footnotes":""},"categories":[98],"tags":[],"class_list":["post-5493","post","type-post","status-publish","format-standard","has-post-thumbnail","hentry","category-actualidad-legal"],"_links":{"self":[{"href":"https:\/\/www.feliuconsultors.com\/es\/wp-json\/wp\/v2\/posts\/5493","targetHints":{"allow":["GET"]}}],"collection":[{"href":"https:\/\/www.feliuconsultors.com\/es\/wp-json\/wp\/v2\/posts"}],"about":[{"href":"https:\/\/www.feliuconsultors.com\/es\/wp-json\/wp\/v2\/types\/post"}],"author":[{"embeddable":true,"href":"https:\/\/www.feliuconsultors.com\/es\/wp-json\/wp\/v2\/users\/3"}],"replies":[{"embeddable":true,"href":"https:\/\/www.feliuconsultors.com\/es\/wp-json\/wp\/v2\/comments?post=5493"}],"version-history":[{"count":1,"href":"https:\/\/www.feliuconsultors.com\/es\/wp-json\/wp\/v2\/posts\/5493\/revisions"}],"predecessor-version":[{"id":5494,"href":"https:\/\/www.feliuconsultors.com\/es\/wp-json\/wp\/v2\/posts\/5493\/revisions\/5494"}],"wp:featuredmedia":[{"embeddable":true,"href":"https:\/\/www.feliuconsultors.com\/es\/wp-json\/wp\/v2\/media\/5491"}],"wp:attachment":[{"href":"https:\/\/www.feliuconsultors.com\/es\/wp-json\/wp\/v2\/media?parent=5493"}],"wp:term":[{"taxonomy":"category","embeddable":true,"href":"https:\/\/www.feliuconsultors.com\/es\/wp-json\/wp\/v2\/categories?post=5493"},{"taxonomy":"post_tag","embeddable":true,"href":"https:\/\/www.feliuconsultors.com\/es\/wp-json\/wp\/v2\/tags?post=5493"}],"curies":[{"name":"wp","href":"https:\/\/api.w.org\/{rel}","templated":true}]}}